{"id":1105,"date":"2016-12-13T11:01:12","date_gmt":"2016-12-13T10:01:12","guid":{"rendered":"https:\/\/lys.golf\/?p=1105"},"modified":"2017-03-01T11:02:55","modified_gmt":"2017-03-01T10:02:55","slug":"nouvelle-signaletique","status":"publish","type":"post","link":"https:\/\/lys.golf\/index.php\/2016\/12\/13\/nouvelle-signaletique\/","title":{"rendered":"Nouvelle signal\u00e9tique"},"content":{"rendered":"<div class=\"pbs-main-wrapper\"><p>La mise en place de la nouvelle signal\u00e9tique est \u00e0 pr\u00e9sent termin\u00e9e et nous esp\u00e9rons que vous l&rsquo;appr\u00e9ciez D\u00e9j\u00e0.<br \/>\nNous avons pos\u00e9 le plan des parcours au niveau de l&rsquo;acc\u00e8s aux d\u00e9parts des 1. Sur ce panneau vous retrouverez chaque green divis\u00e9 en 3 zones A-B-C qui d\u00e9termineront la position du drapeau du jour. Une carte sera disponible \u00e0 l&rsquo;accueil du golf avec le rep\u00e8re choisi.<br \/>\nLe parcours des Ch\u00eanes aura des fanions blancs et le parcours des Bouleaux des fanions jaunes.<\/p>\n<p class=\"jetpack-slideshow-noscript robots-nocontent\">Ce diaporama n\u00e9cessite JavaScript.<\/p><div id=\"gallery-1105-1-slideshow\" class=\"jetpack-slideshow-window jetpack-slideshow jetpack-slideshow-black\" data-trans=\"fade\" data-autostart=\"1\" data-gallery=\"[{&quot;src&quot;:&quot;https:\\\/\\\/i0.wp.com\\\/lys.golf\\\/wp-content\\\/uploads\\\/2017\\\/03\\\/15540955_1807441829509663_4189532486978847597_o.jpg?fit=640%2C360\\u0026ssl=1&quot;,&quot;id&quot;:&quot;1108&quot;,&quot;title&quot;:&quot;15540955_1807441829509663_4189532486978847597_o&quot;,&quot;alt&quot;:&quot;&quot;,&quot;caption&quot;:&quot;&quot;,&quot;itemprop&quot;:&quot;image&quot;},{&quot;src&quot;:&quot;https:\\\/\\\/i0.wp.com\\\/lys.golf\\\/wp-content\\\/uploads\\\/2017\\\/03\\\/15443165_1807441779509668_579999778860932737_o.jpg?fit=640%2C447\\u0026ssl=1&quot;,&quot;id&quot;:&quot;1107&quot;,&quot;title&quot;:&quot;15443165_1807441779509668_579999778860932737_o&quot;,&quot;alt&quot;:&quot;&quot;,&quot;caption&quot;:&quot;&quot;,&quot;itemprop&quot;:&quot;image&quot;},{&quot;src&quot;:&quot;https:\\\/\\\/i0.wp.com\\\/lys.golf\\\/wp-content\\\/uploads\\\/2017\\\/03\\\/15443131_1807441832842996_1952811431885016437_o.jpg?fit=640%2C360\\u0026ssl=1&quot;,&quot;id&quot;:&quot;1106&quot;,&quot;title&quot;:&quot;15443131_1807441832842996_1952811431885016437_o&quot;,&quot;alt&quot;:&quot;&quot;,&quot;caption&quot;:&quot;&quot;,&quot;itemprop&quot;:&quot;image&quot;}]\" itemscope itemtype=\"https:\/\/schema.org\/ImageGallery\"><\/div>\n<\/div>","protected":false},"excerpt":{"rendered":"<p>La mise en place de la nouvelle signal\u00e9tique est \u00e0 pr\u00e9sent termin\u00e9e et nous esp\u00e9rons que vous l&rsquo;appr\u00e9ciez D\u00e9j\u00e0. Nous avons pos\u00e9 le plan des parcours au niveau de l&rsquo;acc\u00e8s aux d\u00e9parts des 1. Sur ce panneau vous retrouverez chaque green divis\u00e9 en 3 zones A-B-C qui d\u00e9termineront la position du drapeau du jour. Une [&hellip;]<\/p>\n","protected":false},"author":4,"featured_media":1107,"comment_status":"closed","ping_status":"closed","sticky":false,"template":"","format":"standard","meta":{"pmpro_default_level":""},"categories":[4],"tags":[],"jetpack_featured_media_url":"https:\/\/i0.wp.com\/lys.golf\/wp-content\/uploads\/2017\/03\/15443165_1807441779509668_579999778860932737_o.jpg?fit=1980%2C1383&ssl=1","jetpack_sharing_enabled":true,"jetpack_shortlink":"https:\/\/wp.me\/p8s0JS-hP","jetpack-related-posts":[{"id":2745,"url":"https:\/\/lys.golf\/index.php\/2019\/04\/08\/sponsoring-pancartes-de-depart\/","url_meta":{"origin":1105,"position":0},"title":"sponsoring pancartes de d\u00e9part","date":"","format":false,"excerpt":"Chers membres, chers visiteurs Nous sommes ravis de vous annoncer\u00a0de\u00a0l\u2019arriv\u00e9e prochaine d\u2019une nouvelle signal\u00e9tique sur notre Golf. En effet, nous allons nous \u00e9quiper\u00a0de\u00a0panneaux de d\u00e9part,\u00a0d\u2019un plan g\u00e9n\u00e9ral\u00a0et d\u2019un panneau horloge\u00a0le parcours des Bouleaux.\u00a0 Une signal\u00e9tique Haut de Gamme, pour vous apporter une accessibilit\u00e9\u00a0et\u00a0un confort de jeu\u00a0que vous appr\u00e9cierez. Sur chaque\u2026","rel":"","context":"Dans &quot;Golf&quot;","img":{"alt_text":"","src":"","width":0,"height":0},"classes":[]},{"id":2680,"url":"https:\/\/lys.golf\/index.php\/2019\/02\/02\/la-neige-est-partie\/","url_meta":{"origin":1105,"position":1},"title":"La neige est partie&#8230;","date":"","format":false,"excerpt":"R\u00e9ouverture des parcours La pluie de la nuit a acc\u00e9l\u00e9r\u00e9 la disparition de la neige, par cons\u00e9quent vous pourrez jouer d\u00e8s aujourd\u2019hui sur les Bouleaux \u00e0 partir de 12h.\u00a0 Pour demain, le golf reprend ses conditions de jeux habituelles avec l\u2019ouverture de tous les parcours et la reprise des horaires\u2026","rel":"","context":"Dans &quot;Golf&quot;","img":{"alt_text":"","src":"","width":0,"height":0},"classes":[]},{"id":2850,"url":"https:\/\/lys.golf\/index.php\/2019\/04\/18\/ouvertures-exeptionnelles-restaurant-golf\/","url_meta":{"origin":1105,"position":2},"title":"Ouvertures exeptionnelles Restaurant &amp; golf","date":"","format":false,"excerpt":"Troph\u00e9e Pierre-Etienne GUYOT\u00a0 Le Golf du Lys a\u00a0l\u2019honneur de recevoir le Championnat de France Messieurs des \u00e9quipes 2 du 27 Avril au 1er Mai sur le parcours des Ch\u00eanes. A cette occasion le restaurant sera ouvert \u00e9galement\u00a0le soir les Vendredi 26 Samedi 27 & Dimanche 28 une occasion suppl\u00e9mentaire de\u2026","rel":"","context":"Dans &quot;Golf&quot;","img":{"alt_text":"","src":"","width":0,"height":0},"classes":[]},{"id":2851,"url":"https:\/\/lys.golf\/index.php\/2019\/04\/25\/ouvertures-exeptionnelles-restaurant-golf-2\/","url_meta":{"origin":1105,"position":3},"title":"Ouvertures exeptionnelles Restaurant &amp; golf","date":"","format":false,"excerpt":"Troph\u00e9e Pierre-Etienne GUYOT\u00a0 Le Golf du Lys a\u00a0l\u2019honneur de recevoir le Championnat de France Messieurs des \u00e9quipes 2 du 27 Avril au 1er Mai sur le parcours des Ch\u00eanes. A cette occasion le restaurant sera ouvert \u00e9galement\u00a0le soir les Vendredi 26 Samedi 27 & Dimanche 28 une occasion suppl\u00e9mentaire de\u2026","rel":"","context":"Dans &quot;Golf&quot;","img":{"alt_text":"","src":"","width":0,"height":0},"classes":[]},{"id":2860,"url":"https:\/\/lys.golf\/index.php\/2019\/05\/17\/nouveau-code-portail-tennis\/","url_meta":{"origin":1105,"position":4},"title":"Nouveau code portail Tennis","date":"","format":false,"excerpt":"Changement du code portail Tennis\/Piscine. Le 22 Mai le code change.... Le code du portail d\u2019acc\u00e8s aux tennis, \u00e0 la piscine, au compact et \u00e0 la maison des jeunes c\u00f4t\u00e9 GOUVIEUX sera chang\u00e9 \u00e0 compter du Mercredi 22 Mai Nous vous invitons \u00e0 contacter l\u2019accueil qui vous le communiquera suivant\u2026","rel":"","context":"Dans &quot;Golf&quot;","img":{"alt_text":"","src":"","width":0,"height":0},"classes":[]},{"id":2857,"url":"https:\/\/lys.golf\/index.php\/2019\/05\/10\/i-love-golf-tour\/","url_meta":{"origin":1105,"position":5},"title":"I Love Golf Tour","date":"","format":false,"excerpt":"Le \u00a0I\u2764\ufe0fGOLFTOUR fera \u00e9tape Dimanche 19 Mai sur le magnifique parcours du\u00a0Golf du Lys-Chantilly.\u00a0 Scramble \u00e0 2\u00a0?\ufe0f\u200d\u2640\ufe0f?\ufe0f\u200d\u2642\ufe0f D\u00e9part en shotgun \u00e0 9:30.\u00a0\u26f3\ufe0f Nous vous attendons nombreuses et nombreux.\u00a0 Inscriptions en appelant le Golf. This email was sent to postieautopublicationtowordpress@lys.golf why did I get this?\u00a0\u00a0\u00a0\u00a0unsubscribe from this list\u00a0\u00a0\u00a0\u00a0update subscription preferences Golf\u2026","rel":"","context":"Dans &quot;Golf&quot;","img":{"alt_text":"","src":"","width":0,"height":0},"classes":[]}],"_links":{"self":[{"href":"https:\/\/lys.golf\/index.php\/wp-json\/wp\/v2\/posts\/1105"}],"collection":[{"href":"https:\/\/lys.golf\/index.php\/wp-json\/wp\/v2\/posts"}],"about":[{"href":"https:\/\/lys.golf\/index.php\/wp-json\/wp\/v2\/types\/post"}],"author":[{"embeddable":true,"href":"https:\/\/lys.golf\/index.php\/wp-json\/wp\/v2\/users\/4"}],"replies":[{"embeddable":true,"href":"https:\/\/lys.golf\/index.php\/wp-json\/wp\/v2\/comments?post=1105"}],"version-history":[{"count":0,"href":"https:\/\/lys.golf\/index.php\/wp-json\/wp\/v2\/posts\/1105\/revisions"}],"wp:featuredmedia":[{"embeddable":true,"href":"https:\/\/lys.golf\/index.php\/wp-json\/wp\/v2\/media\/1107"}],"wp:attachment":[{"href":"https:\/\/lys.golf\/index.php\/wp-json\/wp\/v2\/media?parent=1105"}],"wp:term":[{"taxonomy":"category","embeddable":true,"href":"https:\/\/lys.golf\/index.php\/wp-json\/wp\/v2\/categories?post=1105"},{"taxonomy":"post_tag","embeddable":true,"href":"https:\/\/lys.golf\/index.php\/wp-json\/wp\/v2\/tags?post=1105"}],"curies":[{"name":"wp","href":"https:\/\/api.w.org\/{rel}","templated":true}]}}