{"id":2094,"date":"2017-05-01T20:24:15","date_gmt":"2017-05-01T18:24:15","guid":{"rendered":"https:\/\/lys.golf\/?p=2094"},"modified":"2017-05-19T10:03:50","modified_gmt":"2017-05-19T08:03:50","slug":"merci-a-lequipe-dames","status":"publish","type":"post","link":"https:\/\/lys.golf\/index.php\/2017\/05\/01\/merci-a-lequipe-dames\/","title":{"rendered":"Merci \u00e0 l&rsquo;\u00e9quipe dames"},"content":{"rendered":"<div class=\"pbs-main-wrapper\"><p>Jusqu&rsquo;au bout on a pu croire que la mont\u00e9e en 1\u00e8re division \u00e9tait possible mais notre \u00e9quipe s&rsquo;est inclin\u00e9e sur le fil contre Chiberta avec beaucoup de matchs tr\u00e8s disput\u00e9s. Merci d&rsquo;avoir si brillamment repr\u00e9sent\u00e9es le Lys, et l&rsquo;ann\u00e9e prochaine sera la bonne !&nbsp;<\/p>\n<p>F\u00e9licitations aux \u00e9quipes de Chiberta et Metz Cherisey qui acc\u00e8dent \u00e0 la premi\u00e8re division&nbsp;<a href=\"https:\/\/i0.wp.com\/lys.golf\/wp-content\/uploads\/2017\/05\/img_4848.jpg?ssl=1\"><img data-attachment-id=\"2093\" data-permalink=\"https:\/\/lys.golf\/index.php\/2017\/05\/01\/merci-a-lequipe-dames\/img_4848-jpg\/#main\" data-orig-file=\"https:\/\/i0.wp.com\/lys.golf\/wp-content\/uploads\/2017\/05\/img_4848.jpg?fit=2048%2C1536&amp;ssl=1\" data-orig-size=\"2048,1536\" data-comments-opened=\"0\" data-image-meta=\"{&quot;aperture&quot;:&quot;0&quot;,&quot;credit&quot;:&quot;&quot;,&quot;camera&quot;:&quot;&quot;,&quot;caption&quot;:&quot;&quot;,&quot;created_timestamp&quot;:&quot;0&quot;,&quot;copyright&quot;:&quot;&quot;,&quot;focal_length&quot;:&quot;0&quot;,&quot;iso&quot;:&quot;0&quot;,&quot;shutter_speed&quot;:&quot;0&quot;,&quot;title&quot;:&quot;&quot;,&quot;orientation&quot;:&quot;1&quot;}\" data-image-title=\"img_4848.jpg\" data-image-description=\"\" data-image-caption=\"\" data-medium-file=\"https:\/\/i0.wp.com\/lys.golf\/wp-content\/uploads\/2017\/05\/img_4848.jpg?fit=300%2C225&amp;ssl=1\" data-large-file=\"https:\/\/i0.wp.com\/lys.golf\/wp-content\/uploads\/2017\/05\/img_4848.jpg?fit=640%2C480&amp;ssl=1\" loading=\"lazy\" src=\"https:\/\/i0.wp.com\/lys.golf\/wp-content\/uploads\/2017\/05\/img_4848.jpg?resize=640%2C480&#038;ssl=1\" alt=\"\" width=\"640\" height=\"480\" class=\"alignnone size-full wp-image-2093\" srcset=\"https:\/\/i0.wp.com\/lys.golf\/wp-content\/uploads\/2017\/05\/img_4848.jpg?w=2048&amp;ssl=1 2048w, https:\/\/i0.wp.com\/lys.golf\/wp-content\/uploads\/2017\/05\/img_4848.jpg?resize=300%2C225&amp;ssl=1 300w, https:\/\/i0.wp.com\/lys.golf\/wp-content\/uploads\/2017\/05\/img_4848.jpg?resize=768%2C576&amp;ssl=1 768w, https:\/\/i0.wp.com\/lys.golf\/wp-content\/uploads\/2017\/05\/img_4848.jpg?resize=1024%2C768&amp;ssl=1 1024w, https:\/\/i0.wp.com\/lys.golf\/wp-content\/uploads\/2017\/05\/img_4848.jpg?w=1280&amp;ssl=1 1280w, https:\/\/i0.wp.com\/lys.golf\/wp-content\/uploads\/2017\/05\/img_4848.jpg?w=1920&amp;ssl=1 1920w\" sizes=\"(max-width: 640px) 100vw, 640px\" data-recalc-dims=\"1\" \/><\/a><\/p>\n<\/div>","protected":false},"excerpt":{"rendered":"<p>Jusqu&rsquo;au bout on a pu croire que la mont\u00e9e en 1\u00e8re division \u00e9tait possible mais notre \u00e9quipe s&rsquo;est inclin\u00e9e sur le fil contre Chiberta avec beaucoup de matchs tr\u00e8s disput\u00e9s. Merci d&rsquo;avoir si brillamment repr\u00e9sent\u00e9es le Lys, et l&rsquo;ann\u00e9e prochaine sera la bonne !&nbsp; F\u00e9licitations aux \u00e9quipes de Chiberta et Metz Cherisey qui acc\u00e8dent \u00e0 [&hellip;]<\/p>\n","protected":false},"author":4,"featured_media":0,"comment_status":"closed","ping_status":"closed","sticky":false,"template":"","format":"standard","meta":{"pmpro_default_level":""},"categories":[20],"tags":[],"jetpack_featured_media_url":"","jetpack_sharing_enabled":true,"jetpack_shortlink":"https:\/\/wp.me\/p8s0JS-xM","jetpack-related-posts":[{"id":2853,"url":"https:\/\/lys.golf\/index.php\/2019\/04\/28\/competition-monsieur-golf-tour-modification-date\/","url_meta":{"origin":2094,"position":0},"title":"Competition Monsieur Golf Tour MODIFICATION DATE","date":"","format":false,"excerpt":"Une coquille s\u2019est gliss\u00e9 dans la pr\u00e9c\u00e9dente Info Lys, merci de noter que la comp\u00e9tition est bien Dimanche 5 Mai et non le samedi. Merci de votre compr\u00e9hension Monsieur Golf Tour Parcours des Ch\u00eanes Dimanche 5 Mai Scramble \u00e0 2\u00a0 Pensez \u00e0 vous inscrire aupr\u00e8s de l\u2019accueil du golf\u00a0 \u00a0\u2026","rel":"","context":"Dans &quot;Golf&quot;","img":{"alt_text":"","src":"","width":0,"height":0},"classes":[]},{"id":1105,"url":"https:\/\/lys.golf\/index.php\/2016\/12\/13\/nouvelle-signaletique\/","url_meta":{"origin":2094,"position":1},"title":"Nouvelle signal\u00e9tique","date":"","format":false,"excerpt":"La mise en place de la nouvelle signal\u00e9tique est \u00e0 pr\u00e9sent termin\u00e9e et nous esp\u00e9rons que vous l'appr\u00e9ciez D\u00e9j\u00e0. Nous avons pos\u00e9 le plan des parcours au niveau de l'acc\u00e8s aux d\u00e9parts des 1. Sur ce panneau vous retrouverez chaque green divis\u00e9 en 3 zones A-B-C qui d\u00e9termineront la position\u2026","rel":"","context":"Dans &quot;Golf&quot;","img":{"alt_text":"","src":"https:\/\/i0.wp.com\/lys.golf\/wp-content\/uploads\/2017\/03\/15443165_1807441779509668_579999778860932737_o.jpg?fit=1200%2C838&ssl=1&resize=350%2C200","width":350,"height":200},"classes":[]},{"id":1971,"url":"https:\/\/lys.golf\/index.php\/2017\/04\/12\/le-bonheur-est-dans-les-bois\/","url_meta":{"origin":2094,"position":2},"title":"Le bonheur est dans les bois","date":"","format":false,"excerpt":"Le bonheur est dans les bois, voici le muguet un brin en avance mais d'un brin fleuri. Pour le plaisir des yeux, pas pour le ramasser... Cours y vite cours y vite pour l'admirer mais pas de souci il n'est pas pr\u00eat de faner...","rel":"","context":"Dans &quot;Info Terrain&quot;","img":{"alt_text":"","src":"https:\/\/i0.wp.com\/lys.golf\/wp-content\/uploads\/2017\/04\/img_4792.jpg?resize=350%2C200&ssl=1","width":350,"height":200},"classes":[]},{"id":2850,"url":"https:\/\/lys.golf\/index.php\/2019\/04\/18\/ouvertures-exeptionnelles-restaurant-golf\/","url_meta":{"origin":2094,"position":3},"title":"Ouvertures exeptionnelles Restaurant &amp; golf","date":"","format":false,"excerpt":"Troph\u00e9e Pierre-Etienne GUYOT\u00a0 Le Golf du Lys a\u00a0l\u2019honneur de recevoir le Championnat de France Messieurs des \u00e9quipes 2 du 27 Avril au 1er Mai sur le parcours des Ch\u00eanes. A cette occasion le restaurant sera ouvert \u00e9galement\u00a0le soir les Vendredi 26 Samedi 27 & Dimanche 28 une occasion suppl\u00e9mentaire de\u2026","rel":"","context":"Dans &quot;Golf&quot;","img":{"alt_text":"","src":"","width":0,"height":0},"classes":[]},{"id":2851,"url":"https:\/\/lys.golf\/index.php\/2019\/04\/25\/ouvertures-exeptionnelles-restaurant-golf-2\/","url_meta":{"origin":2094,"position":4},"title":"Ouvertures exeptionnelles Restaurant &amp; golf","date":"","format":false,"excerpt":"Troph\u00e9e Pierre-Etienne GUYOT\u00a0 Le Golf du Lys a\u00a0l\u2019honneur de recevoir le Championnat de France Messieurs des \u00e9quipes 2 du 27 Avril au 1er Mai sur le parcours des Ch\u00eanes. A cette occasion le restaurant sera ouvert \u00e9galement\u00a0le soir les Vendredi 26 Samedi 27 & Dimanche 28 une occasion suppl\u00e9mentaire de\u2026","rel":"","context":"Dans &quot;Golf&quot;","img":{"alt_text":"","src":"","width":0,"height":0},"classes":[]},{"id":2131,"url":"https:\/\/lys.golf\/index.php\/2017\/05\/15\/plantation-des-fleurs\/","url_meta":{"origin":2094,"position":5},"title":"Plantation des fleurs","date":"","format":false,"excerpt":"Les saints de glace \u00e9tant derri\u00e8re nous, le fleurissement du club house pouvait \u00eatre mis en place en limitant les risques de gel\u00e9es. Il faut bien se raccrocher \u00e0 quelques croyances pour fixer la date des plantations et ainsi s'\u00e9viter les in\u00e9vitables \"c'est trop t\u00f4t ou c'est trop tard....\".\u00a0 Par\u2026","rel":"","context":"Dans &quot;Info Terrain&quot;","img":{"alt_text":"","src":"https:\/\/i0.wp.com\/lys.golf\/wp-content\/uploads\/2017\/05\/dsc_0254.jpg?resize=350%2C200&ssl=1","width":350,"height":200},"classes":[]}],"_links":{"self":[{"href":"https:\/\/lys.golf\/index.php\/wp-json\/wp\/v2\/posts\/2094"}],"collection":[{"href":"https:\/\/lys.golf\/index.php\/wp-json\/wp\/v2\/posts"}],"about":[{"href":"https:\/\/lys.golf\/index.php\/wp-json\/wp\/v2\/types\/post"}],"author":[{"embeddable":true,"href":"https:\/\/lys.golf\/index.php\/wp-json\/wp\/v2\/users\/4"}],"replies":[{"embeddable":true,"href":"https:\/\/lys.golf\/index.php\/wp-json\/wp\/v2\/comments?post=2094"}],"version-history":[{"count":0,"href":"https:\/\/lys.golf\/index.php\/wp-json\/wp\/v2\/posts\/2094\/revisions"}],"wp:attachment":[{"href":"https:\/\/lys.golf\/index.php\/wp-json\/wp\/v2\/media?parent=2094"}],"wp:term":[{"taxonomy":"category","embeddable":true,"href":"https:\/\/lys.golf\/index.php\/wp-json\/wp\/v2\/categories?post=2094"},{"taxonomy":"post_tag","embeddable":true,"href":"https:\/\/lys.golf\/index.php\/wp-json\/wp\/v2\/tags?post=2094"}],"curies":[{"name":"wp","href":"https:\/\/api.w.org\/{rel}","templated":true}]}}